{"id":12128,"date":"2024-04-17T10:00:06","date_gmt":"2024-04-17T10:00:06","guid":{"rendered":"https:\/\/cedt.hu\/?p=12128\/"},"modified":"2024-04-17T10:01:54","modified_gmt":"2024-04-17T10:01:54","slug":"dance-communication-lab-open-call-june-6th-7th-zagreb-croatia","status":"publish","type":"post","link":"https:\/\/cedthu.rwpstaging.site\/de\/dance-communication-lab-open-call-june-6th-7th-zagreb-croatia\/","title":{"rendered":"Dance Communication Lab - Offener Aufruf - 6. und 7. Juni, Zagreb, Kroatien"},"content":{"rendered":"<p>1 \/ 2<\/p>\n<div id=\"m_textViewLayer\" class=\"layer\">\n<div id=\"m_content\">\n<div id=\"pc1\">\n<div id=\"p1\">\n<div>Kroatisches Institut f\u00fcr Bewegung und Tanz (HIPP) ruft zur Einreichung von Bewerbungen auf<\/div>\n<div><b>Tanz-Kommunikationslabor<br \/>\n<\/b><\/div>\n<div>6. und 7. Juni, Zagreb, Kroatien<\/div>\n<div><\/div>\n<div><b>Kroatisches Institut f\u00fcr Bewegung und Tanz\u00a0<\/b>freut sich \u00fcber die Ank\u00fcndigung einer<b>\u00a0<\/b>international\u00a0<b>OPEN\u00a0<\/b><b>AUFRUF zur Teilnahme an<\/b>\u00a0<b>DCL<\/b>\u00a0&#8211;\u00a0<b>TANZKOMMUNIKATIONSLABOR<\/b>die wir im Rahmen des von Creative Europe kofinanzierten Projekts Beyond Front@: Bridging Periphery veranstalten.<\/div>\n<div><b>\u00a0<\/b><\/div>\n<div>\n<p><b>DCL - Tanzkommunikationslabor<\/b>\u00a0ist eine kurzfristige Austauschformel zwischen T\u00e4nzern, bei der das Hauptziel darin besteht, dass 6 professionelle T\u00e4nzer aus den oben genannten Partnerl\u00e4ndern einander kennen lernen durch\u00a0<b>Improvisation<\/b>Das ist der charakteristischste Schaffensprozess im zeitgen\u00f6ssischen Tanz.<\/p>\n<\/div>\n<div>\n<p>Die\u00a0<b>2 Tage langes Tanz-Kommunikationslabor<\/b>\u00a0findet im Rahmen von\u00a0<b>Tanzwoche\u00a0<\/b><b>Festival in Zagreb<\/b>\u00a0und wird von einem renommierten Choreographen geleitet\u00a0<b>Matja\u017e Fari\u010d<\/b>Der Prozess wird in einer Projektpr\u00e4sentation am 2. Tag abends m\u00fcnden, die das DCL als Laboratorium f\u00fcr die Initiierung zuk\u00fcnftiger k\u00fcnstlerischer Kollaborationen gestaltet. Die Abschlusspr\u00e4sentation findet am 7. Juni um 20:00 Uhr im Zagreb Dance Center statt. Die Pr\u00e4sentation ist f\u00fcr die \u00d6ffentlichkeit zug\u00e4nglich.<\/p>\n<\/div>\n<div>Die\u00a0<b>Tanz-Kommunikationslabor<\/b>\u00a0wird als Teil des Programms\u00a0<b><i>Jenseits von Front@: \u00dcberbr\u00fcckung\u00a0<\/i><\/b><b><i>Peripherie<\/i><\/b>\u00a0ein Projekt von Kreatives Europa (2023-2026), das von\u00a0<i>Mitteleurop\u00e4isches Tanztheater -\u00a0<\/i><i>CEDT<\/i>\u00a0(Ungarn),\u00a0<i>Bunker<\/i>\u00a0(Slowenien),\u00a0<i>Kroatisches Institut f\u00fcr Bewegung und Tanz - HIPP<\/i>\u00a0(Kroatien),\u00a0<i>Krakauer Tanztheater - Krakowski Teatr Ta\u0144ca<\/i>\u00a0(Polen),\u00a0<i>M-Studio\u00a0<\/i>(Rum\u00e4nien) und\u00a0<i>Vitlycke - CPA<\/i>\u00a0(Schweden) zur F\u00f6rderung der lokalen Entwicklung im Bereich des zeitgen\u00f6ssischen Tanzes.<\/div>\n<div><b>\u00a0<\/b><\/div>\n<div><b>Wann findet die DCL statt?<br \/>\n<\/b><\/div>\n<div>5. Juni 2024 - Ankunft der Teilnehmer<\/div>\n<div>6. Juni - DCL-Prozess<\/div>\n<div>7. Juni - DCL-Prozess und Pr\u00e4sentation am Abend<\/div>\n<div>8. Juni - Abfahrt<\/div>\n<div><\/div>\n<div><b>Wo?<br \/>\n<\/b><\/div>\n<div>Zagreb, Kroatien (Tanzwochenfestival)<\/div>\n<div>Veranstaltungsort: Zagreb Dance Center<\/div>\n<div><b>\u00a0<\/b><\/div>\n<div><b>F\u00fcr wen ist DCL gedacht?<br \/>\n<\/b><\/div>\n<ul>\n<li>\n<div>- f\u00fcr Tanzschaffende (T\u00e4nzer, Choreographen) aus den Partnerl\u00e4ndern Ungarn, Slowenien, Kroatien, Polen, Rum\u00e4nien und Schweden<\/div>\n<\/li>\n<li>\n<div>- wir suchen professionelle tanzk\u00fcnstlerinnen und tanzk\u00fcnstler mit b\u00fchnenerfahrung. das lab wird ein kreatives treffen von unabh\u00e4ngigen k\u00fcnstlerinnen und k\u00fcnstlern sein, die ihre erfahrungen, handlungsweisen und kreativen werkzeuge miteinander teilen werden.<\/div>\n<\/li>\n<\/ul>\n<div><\/div>\n<div><\/div>\n<\/div>\n<hr class=\"pageHrV2\" \/>\n<\/div>\n<div id=\"pc2\">\n<div class=\"pageNumV2\">2 \/ 2<\/div>\n<div id=\"p2\">\n<div><b>Was bieten wir?<br \/>\n<\/b><\/div>\n<div>Der Organisator (HIPP) \u00fcbernimmt die Kosten:<\/div>\n<ul>\n<li>\n<div>- Unterkunft f\u00fcr\u00a0<b>drei<\/b>\u00a0N\u00e4chte<\/div>\n<\/li>\n<li>\n<div>- Tagegelder (in H\u00f6he von 25 EUR pro Tag f\u00fcr\u00a0<b>drei<\/b>\u00a0Tage, insgesamt 75 EUR)<\/div>\n<\/li>\n<\/ul>\n<div>Der nationale Partner des Beyond Front@-Projekts aus Ihrem Land wird sich mit dem Thema befassen:<\/div>\n<ul>\n<li>\n<div>\u25cf Reisekosten<\/div>\n<\/li>\n<li>\n<div>\u25cf Geb\u00fchr (150 EUR brutto)<\/div>\n<\/li>\n<\/ul>\n<div><\/div>\n<div><b>Wie bewirbt man sich?<br \/>\n<\/b><\/div>\n<div>Sie k\u00f6nnen sich bewerben, indem Sie eine E-Mail senden an\u00a0<a href=\"mailto:hipp.beyond.fronta@gmail.com\" target=\"_blank\" rel=\"noopener noreferrer\">hipp.beyond.fronta@gmail.com<\/a>\u00a0mit den folgenden erforderlichen Bewerbungsunterlagen:<\/div>\n<ul>\n<li>\n<div>- k\u00fcnstlerischer Lebenslauf mit einer kurzen Vorstellung Ihrer Person (Ausbildung, Berufserfahrung)<\/div>\n<\/li>\n<li>\n<div>- fakultativ: Link zu dem Videomaterial, das Ihre Arbeit am besten repr\u00e4sentiert (beliebiges Format)<\/div>\n<\/li>\n<\/ul>\n<div><\/div>\n<div>Bitte vermerken Sie in der Betreffzeile\u00a0<b>\"Zagreb DCL-Anwendung<\/b>\".<\/div>\n<div><b>\u00a0<\/b><\/div>\n<div><b>Bewerbungsfrist<br \/>\n<\/b><\/div>\n<ul>\n<li>\n<div>-\u00a0<b>29. April 2024 um 16:00 Uhr<br \/>\n<\/b><\/div>\n<\/li>\n<\/ul>\n<div><b>\u00a0<\/b><\/div>\n<div><b>Auswahlverfahren<br \/>\n<\/b><\/div>\n<ul>\n<li>\n<div>- Die Tanzk\u00fcnstler werden vom Croatian Institue for Movement and Dance (HIPP) - dem lokalen Beyond Front@-Partner - und dem Choreografen Matja\u017e Fari\u010d auf der Grundlage der von Ihnen eingereichten Bewerbungsunterlagen (siehe oben) ausgew\u00e4hlt.<\/div>\n<\/li>\n<li>\n<div>- Die ausgew\u00e4hlten Teilnehmer werden bis zum 6. Mai 2024 benachrichtigt.<\/div>\n<\/li>\n<\/ul>\n<div><\/div>\n<div>Hauptansprechpartner f\u00fcr praktische Fragen und Informationen:<\/div>\n<div><b>Ivan Mrdjen, HIPP:\u00a0<\/b><b><a href=\"mailto:hipp.beyond.fronta@gmail.com\" target=\"_blank\" rel=\"noopener noreferrer\">hipp.beyond.fronta@gmail.com<\/a><\/b><b><br \/>\n<\/b><\/div>\n<div><\/div>\n<div>Wir freuen uns darauf, Sie in Zagreb begr\u00fc\u00dfen zu d\u00fcrfen!<\/div>\n<div><\/div>\n<div>.<\/div>\n<\/div>\n<hr class=\"pageHrV2\" \/>\n<\/div>\n<\/div>\n<\/div>","protected":false},"excerpt":{"rendered":"<p>1 \/ 2 Croatian Institute for Movement and Dance (HIPP) announces open call for Dance Communication Lab June 6th and 7th, Zagreb, Croatia Croatian Institute for Movement and Dance\u00a0is happy to announce an\u00a0international\u00a0OPEN\u00a0CALL for participation in\u00a0DCL\u00a0&#8211;\u00a0DANCE COMMUNICATION LAB, which we are organizing\u00a0within the frame of the Beyond Front@: Bridging Periphery project co-financed by the\u00a0Creative Europe. [&hellip;]<\/p>","protected":false},"author":12,"featured_media":0,"comment_status":"closed","ping_status":"open","sticky":false,"template":"","format":"standard","meta":{"footnotes":""},"categories":[68],"tags":[],"class_list":["post-12128","post","type-post","status-publish","format-standard","hentry","category-hirek"],"yoast_head":"<!-- This site is optimized with the Yoast SEO plugin v26.0 - https:\/\/yoast.com\/wordpress\/plugins\/seo\/ -->\n<title>Dance Communication Lab - Open Call - June 6th and 7th, Zagreb, Croatia - KET<\/title>\n<meta name=\"robots\" content=\"index, follow, max-snippet:-1, max-image-preview:large, max-video-preview:-1\" \/>\n<link rel=\"canonical\" href=\"https:\/\/cedthu.rwpstaging.site\/de\/dance-communication-lab-open-call-june-6th-7th-zagreb-croatia\/\" \/>\n<meta name=\"twitter:card\" content=\"summary_large_image\" \/>\n<meta name=\"twitter:title\" content=\"Dance Communication Lab - Open Call - June 6th and 7th, Zagreb, Croatia - KET\" \/>\n<meta name=\"twitter:description\" content=\"1 \/ 2 Croatian Institute for Movement and Dance (HIPP) announces open call for Dance Communication Lab June 6th and 7th, Zagreb, Croatia Croatian Institute for Movement and Dance\u00a0is happy to announce an\u00a0international\u00a0OPEN\u00a0CALL for participation in\u00a0DCL\u00a0&#8211;\u00a0DANCE COMMUNICATION LAB, which we are organizing\u00a0within the frame of the Beyond Front@: Bridging Periphery project co-financed by the\u00a0Creative Europe. [&hellip;]\" \/>\n<meta name=\"twitter:label1\" content=\"Verfasst von\" \/>\n\t<meta name=\"twitter:data1\" content=\"Central Europe Dance Theatre\" \/>\n\t<meta name=\"twitter:label2\" content=\"Gesch\u00e4tzte Lesezeit\" \/>\n\t<meta name=\"twitter:data2\" content=\"2\u00a0Minuten\" \/>\n<script type=\"application\/ld+json\" class=\"yoast-schema-graph\">{\"@context\":\"https:\/\/schema.org\",\"@graph\":[{\"@type\":\"Article\",\"@id\":\"https:\/\/cedthu.rwpstaging.site\/dance-communication-lab-open-call-june-6th-7th-zagreb-croatia\/#article\",\"isPartOf\":{\"@id\":\"https:\/\/cedthu.rwpstaging.site\/dance-communication-lab-open-call-june-6th-7th-zagreb-croatia\/\"},\"author\":{\"name\":\"Central Europe Dance Theatre\",\"@id\":\"https:\/\/cedthu.rwpstaging.site\/#\/schema\/person\/3bc30ccadc068c913c4a5c62d8b04142\"},\"headline\":\"Dance Communication Lab &#8211; Open Call &#8211; June 6th and 7th, Zagreb, Croatia\",\"datePublished\":\"2024-04-17T10:00:06+00:00\",\"dateModified\":\"2024-04-17T10:01:54+00:00\",\"mainEntityOfPage\":{\"@id\":\"https:\/\/cedthu.rwpstaging.site\/dance-communication-lab-open-call-june-6th-7th-zagreb-croatia\/\"},\"wordCount\":510,\"publisher\":{\"@id\":\"https:\/\/cedthu.rwpstaging.site\/#organization\"},\"articleSection\":[\"H\u00edrek\"],\"inLanguage\":\"de\"},{\"@type\":\"WebPage\",\"@id\":\"https:\/\/cedthu.rwpstaging.site\/dance-communication-lab-open-call-june-6th-7th-zagreb-croatia\/\",\"url\":\"https:\/\/cedthu.rwpstaging.site\/dance-communication-lab-open-call-june-6th-7th-zagreb-croatia\/\",\"name\":\"Dance Communication Lab - Open Call - June 6th and 7th, Zagreb, Croatia - KET\",\"isPartOf\":{\"@id\":\"https:\/\/cedthu.rwpstaging.site\/#website\"},\"datePublished\":\"2024-04-17T10:00:06+00:00\",\"dateModified\":\"2024-04-17T10:01:54+00:00\",\"breadcrumb\":{\"@id\":\"https:\/\/cedthu.rwpstaging.site\/dance-communication-lab-open-call-june-6th-7th-zagreb-croatia\/#breadcrumb\"},\"inLanguage\":\"de\",\"potentialAction\":[{\"@type\":\"ReadAction\",\"target\":[\"https:\/\/cedthu.rwpstaging.site\/dance-communication-lab-open-call-june-6th-7th-zagreb-croatia\/\"]}]},{\"@type\":\"BreadcrumbList\",\"@id\":\"https:\/\/cedthu.rwpstaging.site\/dance-communication-lab-open-call-june-6th-7th-zagreb-croatia\/#breadcrumb\",\"itemListElement\":[{\"@type\":\"ListItem\",\"position\":1,\"name\":\"Home\",\"item\":\"https:\/\/cedthu.rwpstaging.site\/\"},{\"@type\":\"ListItem\",\"position\":2,\"name\":\"Dance Communication Lab &#8211; Open Call &#8211; June 6th and 7th, Zagreb, Croatia\"}]},{\"@type\":\"WebSite\",\"@id\":\"https:\/\/cedthu.rwpstaging.site\/#website\",\"url\":\"https:\/\/cedthu.rwpstaging.site\/\",\"name\":\"KET\",\"description\":\"K\u00f6z\u00e9p-Eur\u00f3pa T\u00e1ncsz\u00ednh\u00e1z\",\"publisher\":{\"@id\":\"https:\/\/cedthu.rwpstaging.site\/#organization\"},\"potentialAction\":[{\"@type\":\"SearchAction\",\"target\":{\"@type\":\"EntryPoint\",\"urlTemplate\":\"https:\/\/cedthu.rwpstaging.site\/?s={search_term_string}\"},\"query-input\":{\"@type\":\"PropertyValueSpecification\",\"valueRequired\":true,\"valueName\":\"search_term_string\"}}],\"inLanguage\":\"de\"},{\"@type\":\"Organization\",\"@id\":\"https:\/\/cedthu.rwpstaging.site\/#organization\",\"name\":\"KET\",\"url\":\"https:\/\/cedthu.rwpstaging.site\/\",\"logo\":{\"@type\":\"ImageObject\",\"inLanguage\":\"de\",\"@id\":\"https:\/\/cedthu.rwpstaging.site\/#\/schema\/logo\/image\/\",\"url\":\"https:\/\/cedthu.rwpstaging.site\/wp-content\/uploads\/2024\/03\/cropped-KET-NYomda-logo2.png\",\"contentUrl\":\"https:\/\/cedthu.rwpstaging.site\/wp-content\/uploads\/2024\/03\/cropped-KET-NYomda-logo2.png\",\"width\":300,\"height\":326,\"caption\":\"KET\"},\"image\":{\"@id\":\"https:\/\/cedthu.rwpstaging.site\/#\/schema\/logo\/image\/\"}},{\"@type\":\"Person\",\"@id\":\"https:\/\/cedthu.rwpstaging.site\/#\/schema\/person\/3bc30ccadc068c913c4a5c62d8b04142\",\"name\":\"Central Europe Dance Theatre\",\"image\":{\"@type\":\"ImageObject\",\"inLanguage\":\"de\",\"@id\":\"https:\/\/cedthu.rwpstaging.site\/#\/schema\/person\/image\/\",\"url\":\"https:\/\/secure.gravatar.com\/avatar\/ec2936af9cd901f158746cca5a1de54f315cafdd14d69c3b2aa6415edb4ed3a2?s=96&d=mm&r=g\",\"contentUrl\":\"https:\/\/secure.gravatar.com\/avatar\/ec2936af9cd901f158746cca5a1de54f315cafdd14d69c3b2aa6415edb4ed3a2?s=96&d=mm&r=g\",\"caption\":\"Central Europe Dance Theatre\"},\"url\":\"https:\/\/cedthu.rwpstaging.site\/de\/author\/infocedt\/\"}]}<\/script>\n<!-- \/ Yoast SEO plugin. -->","yoast_head_json":{"title":"Dance Communication Lab - Open Call - June 6th and 7th, Zagreb, Croatia - KET","robots":{"index":"index","follow":"follow","max-snippet":"max-snippet:-1","max-image-preview":"max-image-preview:large","max-video-preview":"max-video-preview:-1"},"canonical":"https:\/\/cedthu.rwpstaging.site\/de\/dance-communication-lab-open-call-june-6th-7th-zagreb-croatia\/","twitter_card":"summary_large_image","twitter_title":"Dance Communication Lab - Open Call - June 6th and 7th, Zagreb, Croatia - KET","twitter_description":"1 \/ 2 Croatian Institute for Movement and Dance (HIPP) announces open call for Dance Communication Lab June 6th and 7th, Zagreb, Croatia Croatian Institute for Movement and Dance\u00a0is happy to announce an\u00a0international\u00a0OPEN\u00a0CALL for participation in\u00a0DCL\u00a0&#8211;\u00a0DANCE COMMUNICATION LAB, which we are organizing\u00a0within the frame of the Beyond Front@: Bridging Periphery project co-financed by the\u00a0Creative Europe. [&hellip;]","twitter_misc":{"Verfasst von":"Central Europe Dance Theatre","Gesch\u00e4tzte Lesezeit":"2\u00a0Minuten"},"schema":{"@context":"https:\/\/schema.org","@graph":[{"@type":"Article","@id":"https:\/\/cedthu.rwpstaging.site\/dance-communication-lab-open-call-june-6th-7th-zagreb-croatia\/#article","isPartOf":{"@id":"https:\/\/cedthu.rwpstaging.site\/dance-communication-lab-open-call-june-6th-7th-zagreb-croatia\/"},"author":{"name":"Central Europe Dance Theatre","@id":"https:\/\/cedthu.rwpstaging.site\/#\/schema\/person\/3bc30ccadc068c913c4a5c62d8b04142"},"headline":"Dance Communication Lab &#8211; Open Call &#8211; June 6th and 7th, Zagreb, Croatia","datePublished":"2024-04-17T10:00:06+00:00","dateModified":"2024-04-17T10:01:54+00:00","mainEntityOfPage":{"@id":"https:\/\/cedthu.rwpstaging.site\/dance-communication-lab-open-call-june-6th-7th-zagreb-croatia\/"},"wordCount":510,"publisher":{"@id":"https:\/\/cedthu.rwpstaging.site\/#organization"},"articleSection":["H\u00edrek"],"inLanguage":"de"},{"@type":"WebPage","@id":"https:\/\/cedthu.rwpstaging.site\/dance-communication-lab-open-call-june-6th-7th-zagreb-croatia\/","url":"https:\/\/cedthu.rwpstaging.site\/dance-communication-lab-open-call-june-6th-7th-zagreb-croatia\/","name":"Dance Communication Lab - Open Call - June 6th and 7th, Zagreb, Croatia - KET","isPartOf":{"@id":"https:\/\/cedthu.rwpstaging.site\/#website"},"datePublished":"2024-04-17T10:00:06+00:00","dateModified":"2024-04-17T10:01:54+00:00","breadcrumb":{"@id":"https:\/\/cedthu.rwpstaging.site\/dance-communication-lab-open-call-june-6th-7th-zagreb-croatia\/#breadcrumb"},"inLanguage":"de","potentialAction":[{"@type":"ReadAction","target":["https:\/\/cedthu.rwpstaging.site\/dance-communication-lab-open-call-june-6th-7th-zagreb-croatia\/"]}]},{"@type":"BreadcrumbList","@id":"https:\/\/cedthu.rwpstaging.site\/dance-communication-lab-open-call-june-6th-7th-zagreb-croatia\/#breadcrumb","itemListElement":[{"@type":"ListItem","position":1,"name":"Home","item":"https:\/\/cedthu.rwpstaging.site\/"},{"@type":"ListItem","position":2,"name":"Dance Communication Lab &#8211; Open Call &#8211; June 6th and 7th, Zagreb, Croatia"}]},{"@type":"WebSite","@id":"https:\/\/cedthu.rwpstaging.site\/#website","url":"https:\/\/cedthu.rwpstaging.site\/","name":"KET","description":"Tanztheater Mitteleuropa","publisher":{"@id":"https:\/\/cedthu.rwpstaging.site\/#organization"},"potentialAction":[{"@type":"SearchAction","target":{"@type":"EntryPoint","urlTemplate":"https:\/\/cedthu.rwpstaging.site\/?s={search_term_string}"},"query-input":{"@type":"PropertyValueSpecification","valueRequired":true,"valueName":"search_term_string"}}],"inLanguage":"de"},{"@type":"Organization","@id":"https:\/\/cedthu.rwpstaging.site\/#organization","name":"KET","url":"https:\/\/cedthu.rwpstaging.site\/","logo":{"@type":"ImageObject","inLanguage":"de","@id":"https:\/\/cedthu.rwpstaging.site\/#\/schema\/logo\/image\/","url":"https:\/\/cedthu.rwpstaging.site\/wp-content\/uploads\/2024\/03\/cropped-KET-NYomda-logo2.png","contentUrl":"https:\/\/cedthu.rwpstaging.site\/wp-content\/uploads\/2024\/03\/cropped-KET-NYomda-logo2.png","width":300,"height":326,"caption":"KET"},"image":{"@id":"https:\/\/cedthu.rwpstaging.site\/#\/schema\/logo\/image\/"}},{"@type":"Person","@id":"https:\/\/cedthu.rwpstaging.site\/#\/schema\/person\/3bc30ccadc068c913c4a5c62d8b04142","name":"Tanztheater Mitteleuropa","image":{"@type":"ImageObject","inLanguage":"de","@id":"https:\/\/cedthu.rwpstaging.site\/#\/schema\/person\/image\/","url":"https:\/\/secure.gravatar.com\/avatar\/ec2936af9cd901f158746cca5a1de54f315cafdd14d69c3b2aa6415edb4ed3a2?s=96&d=mm&r=g","contentUrl":"https:\/\/secure.gravatar.com\/avatar\/ec2936af9cd901f158746cca5a1de54f315cafdd14d69c3b2aa6415edb4ed3a2?s=96&d=mm&r=g","caption":"Central Europe Dance Theatre"},"url":"https:\/\/cedthu.rwpstaging.site\/de\/author\/infocedt\/"}]}},"_links":{"self":[{"href":"https:\/\/cedthu.rwpstaging.site\/de\/wp-json\/wp\/v2\/posts\/12128","targetHints":{"allow":["GET"]}}],"collection":[{"href":"https:\/\/cedthu.rwpstaging.site\/de\/wp-json\/wp\/v2\/posts"}],"about":[{"href":"https:\/\/cedthu.rwpstaging.site\/de\/wp-json\/wp\/v2\/types\/post"}],"author":[{"embeddable":true,"href":"https:\/\/cedthu.rwpstaging.site\/de\/wp-json\/wp\/v2\/users\/12"}],"replies":[{"embeddable":true,"href":"https:\/\/cedthu.rwpstaging.site\/de\/wp-json\/wp\/v2\/comments?post=12128"}],"version-history":[{"count":3,"href":"https:\/\/cedthu.rwpstaging.site\/de\/wp-json\/wp\/v2\/posts\/12128\/revisions"}],"predecessor-version":[{"id":12131,"href":"https:\/\/cedthu.rwpstaging.site\/de\/wp-json\/wp\/v2\/posts\/12128\/revisions\/12131"}],"wp:attachment":[{"href":"https:\/\/cedthu.rwpstaging.site\/de\/wp-json\/wp\/v2\/media?parent=12128"}],"wp:term":[{"taxonomy":"category","embeddable":true,"href":"https:\/\/cedthu.rwpstaging.site\/de\/wp-json\/wp\/v2\/categories?post=12128"},{"taxonomy":"post_tag","embeddable":true,"href":"https:\/\/cedthu.rwpstaging.site\/de\/wp-json\/wp\/v2\/tags?post=12128"}],"curies":[{"name":"wp","href":"https:\/\/api.w.org\/{rel}","templated":true}]}}