{"id":13059,"date":"2024-09-04T14:54:23","date_gmt":"2024-09-04T14:54:23","guid":{"rendered":"https:\/\/cedt.hu\/?p=13059\/"},"modified":"2024-09-18T06:25:05","modified_gmt":"2024-09-18T06:25:05","slug":"tanc-evad-a-nemzetkoziseg-jegyeben","status":"publish","type":"post","link":"https:\/\/cedthu.rwpstaging.site\/de\/tanc-evad-a-nemzetkoziseg-jegyeben\/","title":{"rendered":"Tanzsaison im Zeichen der Internationalit\u00e4t!\u00a0"},"content":{"rendered":"<p><strong>Das Mitteleurop\u00e4ische Tanztheater hat seine Spielzeit 2024\/2025 angek\u00fcndigt - die Kompanie bereitet 4 neue Auff\u00fchrungen vor, darunter das Nationale Tanztheater und das Theater am Bethlenplatz.&nbsp;<\/strong>&nbsp;<\/p>\n\n\n\n<p>Die n\u00e4chste Saison des KET wird wahrhaft international sein, beginnend mit der Vorstellung des k\u00fcnstlerischen Leiters L\u00e1szl\u00f3 M\u00e1di, der <strong>2024, das Jahr der t\u00fcrkisch-ungarischen Kultur <\/strong>wird im Rahmen von erstellt. Verf\u00fcgbar unter <strong>Goldener Apfel<\/strong> - Die rote Frucht der Seele <strong>Oktober<\/strong> <strong>26<\/strong>-wird im Bethlen T\u00e9ri Theater aufgef\u00fchrt.\u00a0<\/p>\n\n\n\n<p>Ab dieser Spielzeit werden Gizella No\u00e9mi Nagy, Berta Pucsek und Marcell Hov\u00e1n zu unserem Ensemble sto\u00dfen, die bereits in unseren Produktionen Ageless Generation und Baby Cot zu sehen waren. Sie k\u00f6nnen diese Auff\u00fchrungen noch in unserem Repertoire verfolgen!&nbsp;<\/p>\n\n\n\n<p>Unsere neue internationale Zusammenarbeit ist <strong>EU-Tanz-Hack<\/strong>an dem unsere Partner TaikaBox (Finnland) und <a href=\"https:\/\/www.developingart.org\/\" target=\"_blank\" rel=\"noreferrer noopener\">Kunst entwickeln<\/a> (Die Zusammenarbeit geht von Oulu aus, das die Basis f\u00fcr das erste gemeinsame Projekt war. <strong>Tanz-Hack<\/strong>-zu. Die n\u00e4chste Station, hier in Ungarn, ist die <a href=\"https:\/\/cedt.hu\/edh\/\" target=\"_blank\" rel=\"noreferrer noopener\"><strong>Budapest Dance Hack 2024<\/strong><\/a> (<strong>BDPH24<\/strong>), die im Bethlen T\u00e9ri Theater stattfinden wird. An den f\u00fcnf Tagen intensiver Zusammenarbeit werden f\u00fcnf multidisziplin\u00e4re K\u00fcnstler aus verschiedenen Berufsfeldern aus dem europ\u00e4ischen Raum teilnehmen, die innovative Methoden anwenden.&nbsp;<\/p>\n\n\n\n<p>In der Zwischenzeit vergessen wir nicht unsere hervorragende internationale Zusammenarbeit, die auch durch das Programm \"Kreatives Europa\" unterst\u00fctzt wird, das <strong>Jenseits von Front@<\/strong> (BF), das Tanz-, Theater- und Performance-Enthusiasten und Kunstinteressierten fortlaufend professionelle M\u00f6glichkeiten bietet. \"Beyond Front@: Bridging Periphery\" ist ein Projekt von Creative Europe (2023-2026), das vom Central Europe Dance Theatre - CEDT (Ungarn) unterst\u00fctzt wird, <a href=\"https:\/\/www.facebook.com\/bunkerljubljana?__cft__[0]=AZXRo1uvFw0jFSJgHSdKYS09NkhLBIiB13hJuVCBl9QdJc6Sf2JHGkpUbbzneesjVw9maqaZBFhNgE496hiYkJd8uV8z9T0NarMHv3JMtmBxbPV1cljHC7AhMnBTnIBvuOwS6n-2WSs0C13PQzANinf07cSov29l1Oc86AvBuG5mDwEYtn8whEc-BukwG4KTU_RQc4ohEb5GxMUFyRa9QYb4&amp;__tn__=-]K-R\" target=\"_blank\" rel=\"noreferrer noopener\">Bunker<\/a> (Slowenien), <a href=\"https:\/\/www.facebook.com\/hrvatski.institut.za.pokret.i.ples?__cft__[0]=AZXRo1uvFw0jFSJgHSdKYS09NkhLBIiB13hJuVCBl9QdJc6Sf2JHGkpUbbzneesjVw9maqaZBFhNgE496hiYkJd8uV8z9T0NarMHv3JMtmBxbPV1cljHC7AhMnBTnIBvuOwS6n-2WSs0C13PQzANinf07cSov29l1Oc86AvBuG5mDwEYtn8whEc-BukwG4KTU_RQc4ohEb5GxMUFyRa9QYb4&amp;__tn__=-]K-R\" target=\"_blank\" rel=\"noreferrer noopener\">Hrvatski institut za pokret i ples - HIPP<\/a> (Kroatien), <a href=\"https:\/\/www.facebook.com\/KrakowskiTeatrTanca?__cft__[0]=AZXRo1uvFw0jFSJgHSdKYS09NkhLBIiB13hJuVCBl9QdJc6Sf2JHGkpUbbzneesjVw9maqaZBFhNgE496hiYkJd8uV8z9T0NarMHv3JMtmBxbPV1cljHC7AhMnBTnIBvuOwS6n-2WSs0C13PQzANinf07cSov29l1Oc86AvBuG5mDwEYtn8whEc-BukwG4KTU_RQc4ohEb5GxMUFyRa9QYb4&amp;__tn__=-]K-R\" target=\"_blank\" rel=\"noreferrer noopener\">Krakauer Ta\u0144ca-Theater<\/a> \/ Krakauer Tanztheater (Polen), <a href=\"https:\/\/www.facebook.com\/MovementTheater.mstudio?__cft__[0]=AZXRo1uvFw0jFSJgHSdKYS09NkhLBIiB13hJuVCBl9QdJc6Sf2JHGkpUbbzneesjVw9maqaZBFhNgE496hiYkJd8uV8z9T0NarMHv3JMtmBxbPV1cljHC7AhMnBTnIBvuOwS6n-2WSs0C13PQzANinf07cSov29l1Oc86AvBuG5mDwEYtn8whEc-BukwG4KTU_RQc4ohEb5GxMUFyRa9QYb4&amp;__tn__=-]K-R\" target=\"_blank\" rel=\"noreferrer noopener\">M STUDIO<\/a> (Rum\u00e4nien) und <a href=\"https:\/\/www.facebook.com\/VitlyckeCentreForPerformingArts?__cft__[0]=AZXRo1uvFw0jFSJgHSdKYS09NkhLBIiB13hJuVCBl9QdJc6Sf2JHGkpUbbzneesjVw9maqaZBFhNgE496hiYkJd8uV8z9T0NarMHv3JMtmBxbPV1cljHC7AhMnBTnIBvuOwS6n-2WSs0C13PQzANinf07cSov29l1Oc86AvBuG5mDwEYtn8whEc-BukwG4KTU_RQc4ohEb5GxMUFyRa9QYb4&amp;__tn__=-]K-R\" target=\"_blank\" rel=\"noreferrer noopener\">Vitlycke - Zentrum f\u00fcr darstellende Kunst<\/a> Schweden) zur F\u00f6rderung der lokalen Entwicklung des zeitgen\u00f6ssischen Tanzes.&nbsp;<\/p>\n\n\n\n<p>Auch in der vergangenen Saison hat die Kooperation mehrere Programme durchgef\u00fchrt:&nbsp;<\/p>\n\n\n\n<p>\u00dcber Hinter dem Vorhang nahm der Direktor des Krakauer Tanztheaters an einem Jobshadowing im Rahmen des IX. internationalen Monodance-Festivals teil.&nbsp;<\/p>\n\n\n\n<p>Anschlie\u00dfend nahm die ungarische Delegation an einer Veranstaltung des Choreographen-Netzwerks teil, um die Kreation des Krakauer Tanztheaters zu sehen, das im November zum S\u0150T7 eingeladen wurde.  Im Mai nahm das MTE in Zagreb an einem Treffen mit einer kroatischen und einer polnischen Partnereinrichtung f\u00fcr Tanzausbildung teil.&nbsp;<\/p>\n\n\n\n<p>Es gab auch laufende Dance Communication Lab-Programme, bei denen wir auch einen ungarischen Tanzk\u00fcnstler auf die B\u00fchne bringen mussten. Auch dank Beyond Front@ wurde unsere Performance Ageless Generation zum Flow Festival in Sf\u00e2ntu Gheorghe eingeladen.&nbsp;&nbsp;<\/p>\n\n\n\n<p>Derzeit l\u00e4uft das Projekt \"Gemeinsame Sch\u00f6pfung\", bei dem der Choreograf Francesco Scavetta durch die Partnerl\u00e4nder reist, nach einem Casting T\u00e4nzerinnen und T\u00e4nzer ausw\u00e4hlt und dann in Schweden die Choreografie mit den ausgew\u00e4hlten T\u00e4nzerinnen und T\u00e4nzern erarbeitet. Nicht zuletzt fand vor kurzem die Sommer-Tanzakademie in Krakau statt, an der eine ungarische T\u00e4nzerin teilnehmen konnte, ebenfalls dank des Programms.&nbsp;<\/p>\n\n\n\n<p>Unser j\u00e4hrliches Herbstfestival, das Sissi-Herbsttanzfestival, wird jedes Jahr aktualisiert und dieses Jahr durch mehrere Begleitprogramme erg\u00e4nzt. Das Festival wird organisiert von <strong>BPDH24 <\/strong>wird ge\u00f6ffnet, gefolgt vom Start der <a href=\"https:\/\/www.bethlenszinhaz.hu\/sot7\/\" target=\"_blank\" rel=\"noreferrer noopener\"><strong>13. sissi Herbsttanz<\/strong><\/a> die vom 16. bis 23. November wieder ein besonderes Erlebnis bieten wird. Parallel dazu <strong>IKF-Programm<\/strong>unk (<strong>Forum junger Choreographen) <\/strong>die auch den Beginn der Erstellung der<strong> <\/strong>wird auch in diesem Jahr in Zusammenarbeit mit der Ungarischen Universit\u00e4t f\u00fcr Tanz organisiert. Das Programm wird im Herbst bekannt gegeben. Auch unser bereits erw\u00e4hntes internationales Projekt wird hier stattfinden, die <a href=\"https:\/\/www.facebook.com\/beyondfronta.eu\/posts\/pfbid0fk5k49diNnAnJbz4zkFh4Xq2JQKz5knKDcV75wZVmCuRbapf1aDwAQWSHXeMoT5ul\" target=\"_blank\" rel=\"noreferrer noopener\"><strong>Tanz-Kommunikationslabor<\/strong><\/a><strong> <\/strong>eine Pr\u00e4sentation von.&nbsp;<\/p>\n\n\n\n<p>Merken Sie sich also den November vor, denn wir haben eine Menge professioneller Veranstaltungen im Programm!&nbsp;<\/p>\n\n\n\n<p>In Fortf\u00fchrung unserer langj\u00e4hrigen Tradition der <strong>K-Arcok<\/strong> und wir werden den n\u00e4chsten Sch\u00f6pfer bald bekannt geben. Die Show <strong>20. Dezember<\/strong>-wird auch auf der B\u00fchne des Bethlen T\u00e9ri Theaters aufgef\u00fchrt.&nbsp;<\/p>\n\n\n\n<p>Und schlie\u00dflich, f\u00fcr die gr\u00f6\u00dfte Show der Saison, die <strong>Nationales Tanztheater<\/strong>findet in der zweiten H\u00e4lfte der Saison statt, <strong>24. April<\/strong>-\u00e9n. Die Koproduktion ist Teil des Projekts Beyond Front@: Bridging Periphery Creative Europe mit dem polnischen Choreografen Maciej Kuzminski. Er ist Sch\u00f6pfer und Leiter des ersten polnischen Tanznetzwerks (2018-2022). Seine eigenst\u00e4ndigen Werke sind Teil des Repertoires der Maciej Ku\u017ami\u0144ski Company. Seit 2014 wurden Ku\u017ami\u0144skis Werke mehr als 300 Mal in 22 L\u00e4ndern aufgef\u00fchrt. Ku\u017ami\u0144ski hat f\u00fcr seine Darbietungen f\u00fcr die Maciej Ku\u017ami\u0144ski Company mehr als 20 internationale Preise und Ehrungen erhalten. Als Gastchoreograf hat er mit Kompanien wie dem Staatstheater Kassel (Deutschland), dem Scapino Ballet Rotterdam (Niederlande) und dem Polish Dance Theatre zusammengearbeitet.&nbsp;<\/p>","protected":false},"excerpt":{"rendered":"<p>Meghirdette 2024\/2025-\u00f6s \u00e9vad\u00e1t a K\u00f6z\u00e9p-Eur\u00f3pa T\u00e1ncsz\u00ednh\u00e1z \u2013 4 \u00faj bemutat\u00f3val k\u00e9sz\u00fcl a t\u00e1rsulat, t\u00f6bbek k\u00f6z\u00f6tt a Nemzeti T\u00e1ncsz\u00ednh\u00e1zban \u00e9s a Bethlen T\u00e9ri Sz\u00ednh\u00e1zban v\u00e1rjuk majd a n\u00e9z\u0151ket.&nbsp;&nbsp; Igaz\u00e1n nemzetk\u00f6zi hangulatban fog telni a KET k\u00f6vetkez\u0151 \u00e9vada, kezdve M\u00e1di L\u00e1szl\u00f3 m\u0171v\u00e9szeti vezet\u0151 bemutat\u00f3j\u00e1val, amely a 2024, a t\u00f6r\u00f6k-magyar kult\u00fara \u00e9ve keretein bel\u00fcl j\u00f6n l\u00e9tre. Az Aranyalma [&hellip;]<\/p>","protected":false},"author":12,"featured_media":0,"comment_status":"closed","ping_status":"open","sticky":false,"template":"","format":"standard","meta":{"footnotes":""},"categories":[68],"tags":[],"class_list":["post-13059","post","type-post","status-publish","format-standard","hentry","category-hirek"],"yoast_head":"<!-- This site is optimized with the Yoast SEO plugin v26.0 - https:\/\/yoast.com\/wordpress\/plugins\/seo\/ -->\n<title>T\u00e1nc \u00e9vad a nemzetk\u00f6zis\u00e9g jegy\u00e9ben!\u00a0 - KET<\/title>\n<meta name=\"robots\" content=\"index, follow, max-snippet:-1, max-image-preview:large, max-video-preview:-1\" \/>\n<link rel=\"canonical\" href=\"https:\/\/cedthu.rwpstaging.site\/de\/tanc-evad-a-nemzetkoziseg-jegyeben\/\" \/>\n<meta name=\"twitter:card\" content=\"summary_large_image\" \/>\n<meta name=\"twitter:title\" content=\"T\u00e1nc \u00e9vad a nemzetk\u00f6zis\u00e9g jegy\u00e9ben!\u00a0 - KET\" \/>\n<meta name=\"twitter:description\" content=\"Meghirdette 2024\/2025-\u00f6s \u00e9vad\u00e1t a K\u00f6z\u00e9p-Eur\u00f3pa T\u00e1ncsz\u00ednh\u00e1z \u2013 4 \u00faj bemutat\u00f3val k\u00e9sz\u00fcl a t\u00e1rsulat, t\u00f6bbek k\u00f6z\u00f6tt a Nemzeti T\u00e1ncsz\u00ednh\u00e1zban \u00e9s a Bethlen T\u00e9ri Sz\u00ednh\u00e1zban v\u00e1rjuk majd a n\u00e9z\u0151ket.&nbsp;&nbsp; Igaz\u00e1n nemzetk\u00f6zi hangulatban fog telni a KET k\u00f6vetkez\u0151 \u00e9vada, kezdve M\u00e1di L\u00e1szl\u00f3 m\u0171v\u00e9szeti vezet\u0151 bemutat\u00f3j\u00e1val, amely a 2024, a t\u00f6r\u00f6k-magyar kult\u00fara \u00e9ve keretein bel\u00fcl j\u00f6n l\u00e9tre. Az Aranyalma [&hellip;]\" \/>\n<meta name=\"twitter:label1\" content=\"Verfasst von\" \/>\n\t<meta name=\"twitter:data1\" content=\"Central Europe Dance Theatre\" \/>\n\t<meta name=\"twitter:label2\" content=\"Gesch\u00e4tzte Lesezeit\" \/>\n\t<meta name=\"twitter:data2\" content=\"5\u00a0Minuten\" \/>\n<script type=\"application\/ld+json\" class=\"yoast-schema-graph\">{\"@context\":\"https:\/\/schema.org\",\"@graph\":[{\"@type\":\"Article\",\"@id\":\"https:\/\/cedthu.rwpstaging.site\/tanc-evad-a-nemzetkoziseg-jegyeben\/#article\",\"isPartOf\":{\"@id\":\"https:\/\/cedthu.rwpstaging.site\/tanc-evad-a-nemzetkoziseg-jegyeben\/\"},\"author\":{\"name\":\"Central Europe Dance Theatre\",\"@id\":\"https:\/\/cedthu.rwpstaging.site\/#\/schema\/person\/3bc30ccadc068c913c4a5c62d8b04142\"},\"headline\":\"T\u00e1nc \u00e9vad a nemzetk\u00f6zis\u00e9g jegy\u00e9ben!\u00a0\",\"datePublished\":\"2024-09-04T14:54:23+00:00\",\"dateModified\":\"2024-09-18T06:25:05+00:00\",\"mainEntityOfPage\":{\"@id\":\"https:\/\/cedthu.rwpstaging.site\/tanc-evad-a-nemzetkoziseg-jegyeben\/\"},\"wordCount\":1081,\"publisher\":{\"@id\":\"https:\/\/cedthu.rwpstaging.site\/#organization\"},\"articleSection\":[\"H\u00edrek\"],\"inLanguage\":\"de\"},{\"@type\":\"WebPage\",\"@id\":\"https:\/\/cedthu.rwpstaging.site\/tanc-evad-a-nemzetkoziseg-jegyeben\/\",\"url\":\"https:\/\/cedthu.rwpstaging.site\/tanc-evad-a-nemzetkoziseg-jegyeben\/\",\"name\":\"T\u00e1nc \u00e9vad a nemzetk\u00f6zis\u00e9g jegy\u00e9ben!\u00a0 - KET\",\"isPartOf\":{\"@id\":\"https:\/\/cedthu.rwpstaging.site\/#website\"},\"datePublished\":\"2024-09-04T14:54:23+00:00\",\"dateModified\":\"2024-09-18T06:25:05+00:00\",\"breadcrumb\":{\"@id\":\"https:\/\/cedthu.rwpstaging.site\/tanc-evad-a-nemzetkoziseg-jegyeben\/#breadcrumb\"},\"inLanguage\":\"de\",\"potentialAction\":[{\"@type\":\"ReadAction\",\"target\":[\"https:\/\/cedthu.rwpstaging.site\/tanc-evad-a-nemzetkoziseg-jegyeben\/\"]}]},{\"@type\":\"BreadcrumbList\",\"@id\":\"https:\/\/cedthu.rwpstaging.site\/tanc-evad-a-nemzetkoziseg-jegyeben\/#breadcrumb\",\"itemListElement\":[{\"@type\":\"ListItem\",\"position\":1,\"name\":\"Home\",\"item\":\"https:\/\/cedthu.rwpstaging.site\/\"},{\"@type\":\"ListItem\",\"position\":2,\"name\":\"T\u00e1nc \u00e9vad a nemzetk\u00f6zis\u00e9g jegy\u00e9ben!\u00a0\"}]},{\"@type\":\"WebSite\",\"@id\":\"https:\/\/cedthu.rwpstaging.site\/#website\",\"url\":\"https:\/\/cedthu.rwpstaging.site\/\",\"name\":\"KET\",\"description\":\"K\u00f6z\u00e9p-Eur\u00f3pa T\u00e1ncsz\u00ednh\u00e1z\",\"publisher\":{\"@id\":\"https:\/\/cedthu.rwpstaging.site\/#organization\"},\"potentialAction\":[{\"@type\":\"SearchAction\",\"target\":{\"@type\":\"EntryPoint\",\"urlTemplate\":\"https:\/\/cedthu.rwpstaging.site\/?s={search_term_string}\"},\"query-input\":{\"@type\":\"PropertyValueSpecification\",\"valueRequired\":true,\"valueName\":\"search_term_string\"}}],\"inLanguage\":\"de\"},{\"@type\":\"Organization\",\"@id\":\"https:\/\/cedthu.rwpstaging.site\/#organization\",\"name\":\"KET\",\"url\":\"https:\/\/cedthu.rwpstaging.site\/\",\"logo\":{\"@type\":\"ImageObject\",\"inLanguage\":\"de\",\"@id\":\"https:\/\/cedthu.rwpstaging.site\/#\/schema\/logo\/image\/\",\"url\":\"https:\/\/cedthu.rwpstaging.site\/wp-content\/uploads\/2024\/03\/cropped-KET-NYomda-logo2.png\",\"contentUrl\":\"https:\/\/cedthu.rwpstaging.site\/wp-content\/uploads\/2024\/03\/cropped-KET-NYomda-logo2.png\",\"width\":300,\"height\":326,\"caption\":\"KET\"},\"image\":{\"@id\":\"https:\/\/cedthu.rwpstaging.site\/#\/schema\/logo\/image\/\"}},{\"@type\":\"Person\",\"@id\":\"https:\/\/cedthu.rwpstaging.site\/#\/schema\/person\/3bc30ccadc068c913c4a5c62d8b04142\",\"name\":\"Central Europe Dance Theatre\",\"image\":{\"@type\":\"ImageObject\",\"inLanguage\":\"de\",\"@id\":\"https:\/\/cedthu.rwpstaging.site\/#\/schema\/person\/image\/\",\"url\":\"https:\/\/secure.gravatar.com\/avatar\/ec2936af9cd901f158746cca5a1de54f315cafdd14d69c3b2aa6415edb4ed3a2?s=96&d=mm&r=g\",\"contentUrl\":\"https:\/\/secure.gravatar.com\/avatar\/ec2936af9cd901f158746cca5a1de54f315cafdd14d69c3b2aa6415edb4ed3a2?s=96&d=mm&r=g\",\"caption\":\"Central Europe Dance Theatre\"},\"url\":\"https:\/\/cedthu.rwpstaging.site\/de\/author\/infocedt\/\"}]}<\/script>\n<!-- \/ Yoast SEO plugin. -->","yoast_head_json":{"title":"T\u00e1nc \u00e9vad a nemzetk\u00f6zis\u00e9g jegy\u00e9ben!\u00a0 - KET","robots":{"index":"index","follow":"follow","max-snippet":"max-snippet:-1","max-image-preview":"max-image-preview:large","max-video-preview":"max-video-preview:-1"},"canonical":"https:\/\/cedthu.rwpstaging.site\/de\/tanc-evad-a-nemzetkoziseg-jegyeben\/","twitter_card":"summary_large_image","twitter_title":"T\u00e1nc \u00e9vad a nemzetk\u00f6zis\u00e9g jegy\u00e9ben!\u00a0 - KET","twitter_description":"Meghirdette 2024\/2025-\u00f6s \u00e9vad\u00e1t a K\u00f6z\u00e9p-Eur\u00f3pa T\u00e1ncsz\u00ednh\u00e1z \u2013 4 \u00faj bemutat\u00f3val k\u00e9sz\u00fcl a t\u00e1rsulat, t\u00f6bbek k\u00f6z\u00f6tt a Nemzeti T\u00e1ncsz\u00ednh\u00e1zban \u00e9s a Bethlen T\u00e9ri Sz\u00ednh\u00e1zban v\u00e1rjuk majd a n\u00e9z\u0151ket.&nbsp;&nbsp; Igaz\u00e1n nemzetk\u00f6zi hangulatban fog telni a KET k\u00f6vetkez\u0151 \u00e9vada, kezdve M\u00e1di L\u00e1szl\u00f3 m\u0171v\u00e9szeti vezet\u0151 bemutat\u00f3j\u00e1val, amely a 2024, a t\u00f6r\u00f6k-magyar kult\u00fara \u00e9ve keretein bel\u00fcl j\u00f6n l\u00e9tre. Az Aranyalma [&hellip;]","twitter_misc":{"Verfasst von":"Central Europe Dance Theatre","Gesch\u00e4tzte Lesezeit":"5\u00a0Minuten"},"schema":{"@context":"https:\/\/schema.org","@graph":[{"@type":"Article","@id":"https:\/\/cedthu.rwpstaging.site\/tanc-evad-a-nemzetkoziseg-jegyeben\/#article","isPartOf":{"@id":"https:\/\/cedthu.rwpstaging.site\/tanc-evad-a-nemzetkoziseg-jegyeben\/"},"author":{"name":"Central Europe Dance Theatre","@id":"https:\/\/cedthu.rwpstaging.site\/#\/schema\/person\/3bc30ccadc068c913c4a5c62d8b04142"},"headline":"T\u00e1nc \u00e9vad a nemzetk\u00f6zis\u00e9g jegy\u00e9ben!\u00a0","datePublished":"2024-09-04T14:54:23+00:00","dateModified":"2024-09-18T06:25:05+00:00","mainEntityOfPage":{"@id":"https:\/\/cedthu.rwpstaging.site\/tanc-evad-a-nemzetkoziseg-jegyeben\/"},"wordCount":1081,"publisher":{"@id":"https:\/\/cedthu.rwpstaging.site\/#organization"},"articleSection":["H\u00edrek"],"inLanguage":"de"},{"@type":"WebPage","@id":"https:\/\/cedthu.rwpstaging.site\/tanc-evad-a-nemzetkoziseg-jegyeben\/","url":"https:\/\/cedthu.rwpstaging.site\/tanc-evad-a-nemzetkoziseg-jegyeben\/","name":"T\u00e1nc \u00e9vad a nemzetk\u00f6zis\u00e9g jegy\u00e9ben!\u00a0 - KET","isPartOf":{"@id":"https:\/\/cedthu.rwpstaging.site\/#website"},"datePublished":"2024-09-04T14:54:23+00:00","dateModified":"2024-09-18T06:25:05+00:00","breadcrumb":{"@id":"https:\/\/cedthu.rwpstaging.site\/tanc-evad-a-nemzetkoziseg-jegyeben\/#breadcrumb"},"inLanguage":"de","potentialAction":[{"@type":"ReadAction","target":["https:\/\/cedthu.rwpstaging.site\/tanc-evad-a-nemzetkoziseg-jegyeben\/"]}]},{"@type":"BreadcrumbList","@id":"https:\/\/cedthu.rwpstaging.site\/tanc-evad-a-nemzetkoziseg-jegyeben\/#breadcrumb","itemListElement":[{"@type":"ListItem","position":1,"name":"Home","item":"https:\/\/cedthu.rwpstaging.site\/"},{"@type":"ListItem","position":2,"name":"T\u00e1nc \u00e9vad a nemzetk\u00f6zis\u00e9g jegy\u00e9ben!\u00a0"}]},{"@type":"WebSite","@id":"https:\/\/cedthu.rwpstaging.site\/#website","url":"https:\/\/cedthu.rwpstaging.site\/","name":"KET","description":"Tanztheater Mitteleuropa","publisher":{"@id":"https:\/\/cedthu.rwpstaging.site\/#organization"},"potentialAction":[{"@type":"SearchAction","target":{"@type":"EntryPoint","urlTemplate":"https:\/\/cedthu.rwpstaging.site\/?s={search_term_string}"},"query-input":{"@type":"PropertyValueSpecification","valueRequired":true,"valueName":"search_term_string"}}],"inLanguage":"de"},{"@type":"Organization","@id":"https:\/\/cedthu.rwpstaging.site\/#organization","name":"KET","url":"https:\/\/cedthu.rwpstaging.site\/","logo":{"@type":"ImageObject","inLanguage":"de","@id":"https:\/\/cedthu.rwpstaging.site\/#\/schema\/logo\/image\/","url":"https:\/\/cedthu.rwpstaging.site\/wp-content\/uploads\/2024\/03\/cropped-KET-NYomda-logo2.png","contentUrl":"https:\/\/cedthu.rwpstaging.site\/wp-content\/uploads\/2024\/03\/cropped-KET-NYomda-logo2.png","width":300,"height":326,"caption":"KET"},"image":{"@id":"https:\/\/cedthu.rwpstaging.site\/#\/schema\/logo\/image\/"}},{"@type":"Person","@id":"https:\/\/cedthu.rwpstaging.site\/#\/schema\/person\/3bc30ccadc068c913c4a5c62d8b04142","name":"Tanztheater Mitteleuropa","image":{"@type":"ImageObject","inLanguage":"de","@id":"https:\/\/cedthu.rwpstaging.site\/#\/schema\/person\/image\/","url":"https:\/\/secure.gravatar.com\/avatar\/ec2936af9cd901f158746cca5a1de54f315cafdd14d69c3b2aa6415edb4ed3a2?s=96&d=mm&r=g","contentUrl":"https:\/\/secure.gravatar.com\/avatar\/ec2936af9cd901f158746cca5a1de54f315cafdd14d69c3b2aa6415edb4ed3a2?s=96&d=mm&r=g","caption":"Central Europe Dance Theatre"},"url":"https:\/\/cedthu.rwpstaging.site\/de\/author\/infocedt\/"}]}},"_links":{"self":[{"href":"https:\/\/cedthu.rwpstaging.site\/de\/wp-json\/wp\/v2\/posts\/13059","targetHints":{"allow":["GET"]}}],"collection":[{"href":"https:\/\/cedthu.rwpstaging.site\/de\/wp-json\/wp\/v2\/posts"}],"about":[{"href":"https:\/\/cedthu.rwpstaging.site\/de\/wp-json\/wp\/v2\/types\/post"}],"author":[{"embeddable":true,"href":"https:\/\/cedthu.rwpstaging.site\/de\/wp-json\/wp\/v2\/users\/12"}],"replies":[{"embeddable":true,"href":"https:\/\/cedthu.rwpstaging.site\/de\/wp-json\/wp\/v2\/comments?post=13059"}],"version-history":[{"count":5,"href":"https:\/\/cedthu.rwpstaging.site\/de\/wp-json\/wp\/v2\/posts\/13059\/revisions"}],"predecessor-version":[{"id":13257,"href":"https:\/\/cedthu.rwpstaging.site\/de\/wp-json\/wp\/v2\/posts\/13059\/revisions\/13257"}],"wp:attachment":[{"href":"https:\/\/cedthu.rwpstaging.site\/de\/wp-json\/wp\/v2\/media?parent=13059"}],"wp:term":[{"taxonomy":"category","embeddable":true,"href":"https:\/\/cedthu.rwpstaging.site\/de\/wp-json\/wp\/v2\/categories?post=13059"},{"taxonomy":"post_tag","embeddable":true,"href":"https:\/\/cedthu.rwpstaging.site\/de\/wp-json\/wp\/v2\/tags?post=13059"}],"curies":[{"name":"wp","href":"https:\/\/api.w.org\/{rel}","templated":true}]}}