{"id":13059,"date":"2024-09-04T14:54:23","date_gmt":"2024-09-04T14:54:23","guid":{"rendered":"https:\/\/cedt.hu\/?p=13059\/"},"modified":"2024-09-18T06:25:05","modified_gmt":"2024-09-18T06:25:05","slug":"tanc-evad-a-nemzetkoziseg-jegyeben","status":"publish","type":"post","link":"https:\/\/cedthu.rwpstaging.site\/en\/tanc-evad-a-nemzetkoziseg-jegyeben\/","title":{"rendered":"Dance season in the spirit of internationalism!\u00a0"},"content":{"rendered":"<p><strong>Meghirdette 2024\/2025-\u00f6s \u00e9vad\u00e1t a K\u00f6z\u00e9p-Eur\u00f3pa T\u00e1ncsz\u00ednh\u00e1z \u2013 4 \u00faj bemutat\u00f3val k\u00e9sz\u00fcl a t\u00e1rsulat, t\u00f6bbek k\u00f6z\u00f6tt a Nemzeti T\u00e1ncsz\u00ednh\u00e1zban \u00e9s a Bethlen T\u00e9ri Sz\u00ednh\u00e1zban v\u00e1rjuk majd a n\u00e9z\u0151ket.&nbsp;<\/strong>&nbsp;<\/p>\n\n\n\n<p>Igaz\u00e1n nemzetk\u00f6zi hangulatban fog telni a KET k\u00f6vetkez\u0151 \u00e9vada, kezdve M\u00e1di L\u00e1szl\u00f3 m\u0171v\u00e9szeti vezet\u0151 bemutat\u00f3j\u00e1val, amely a <strong>2024, a t\u00f6r\u00f6k-magyar kult\u00fara \u00e9ve <\/strong>keretein bel\u00fcl j\u00f6n l\u00e9tre. Az <strong>Aranyalma<\/strong> &#8211; A l\u00e9lek v\u00f6r\u00f6s gy\u00fcm\u00f6lcse c\u00edm\u0171 el\u0151ad\u00e1sunkat <strong>okt\u00f3ber<\/strong> <strong>26<\/strong>-\u00e1n mutatjuk be a Bethlen T\u00e9ri Sz\u00ednh\u00e1zban.\u00a0<\/p>\n\n\n\n<p>Az idei \u00e9vadt\u00f3l, a t\u00e1rsulatunkhoz \u00faj tagk\u00e9nt csatlakozik Nagy No\u00e9mi Gizella, Pucsek Berta \u00e9s Hov\u00e1n Marcell, akikkel t\u00f6bb alkalommal m\u00e1r tal\u00e1lkozhatott is a k\u00f6z\u00f6ns\u00e9g, Ageless Generation \/ Kortalan Nemzed\u00e9k \u00e9s K\u00f3cbaba c\u00edm\u0171 el\u0151ad\u00e1sainkban. Reperto\u00e1runkon tov\u00e1bbra is k\u00f6vethet\u0151ek ezek az el\u0151ad\u00e1sok!&nbsp;<\/p>\n\n\n\n<p>\u00daj nemzetk\u00f6zi egy\u00fcttm\u0171k\u00f6d\u00e9s\u00fcnk az <strong>EU Dance Hack<\/strong>, melyben partnereink a TaikaBox (Finnorsz\u00e1g) \u00e9s <a href=\"https:\/\/www.developingart.org\/\" target=\"_blank\" rel=\"noreferrer noopener\">Developing Art<\/a> (Rom\u00e1nia). Az egy\u00fcttm\u0171k\u00f6d\u00e9s Oulub\u00f3l indul \u00fatj\u00e1ra, amely b\u00e1zist adott az els\u0151 k\u00f6z\u00f6s <strong>Dance Hack<\/strong>-nek. A k\u00f6vetkez\u0151 \u00e1llom\u00e1sa pedig, itt Magyarorsz\u00e1gon, a <a href=\"https:\/\/cedt.hu\/edh\/\" target=\"_blank\" rel=\"noreferrer noopener\"><strong>Budapest Dance Hack 2024<\/strong><\/a> (<strong>BDPH24<\/strong>) lesz, melynek a Bethlen T\u00e9ri Sz\u00ednh\u00e1z ad majd otthont. Az 5 napos intenz\u00edv egy\u00fcttm\u0171k\u00f6d\u00e9sre 5 multidiszciplin\u00e1ris m\u0171v\u00e9sz fog \u00e9rkezni, akik k\u00e9pviselik majd az eur\u00f3pai r\u00e9gi\u00f3b\u00f3l \u00e9rkez\u0151, elt\u00e9r\u0151 szakmai ter\u00fcleteket k\u00e9pvisel\u0151 innovat\u00edv m\u00f3dszereket.&nbsp;<\/p>\n\n\n\n<p>Id\u0151k\u00f6zben nem feledkez\u00fcnk meg, a szint\u00e9n Kreat\u00edv Eur\u00f3pa Program keret\u00e9ben t\u00e1mogatott kiemelked\u0151, Nemzetk\u00f6zi egy\u00fcttm\u0171k\u00f6d\u00e9s\u00fcnkr\u0151l, a <strong>Beyond Front@<\/strong> (BF)-r\u00f3l, amely folyamatos szakmai lehet\u0151s\u00e9geket ny\u00fajt folyamatosan a t\u00e1nc, sz\u00ednh\u00e1z \u00e9s a performance m\u0171v\u00e9szet szerelmeseinek \u00e9s az ir\u00e1nt \u00e9rdekl\u0151d\u0151knek. A \u201cBeyond Front@: Bridging Periphery\u201d egy Creative Europe projekt (2023-2026), amelyet a K\u00f6z\u00e9p-Eur\u00f3pa T\u00e1ncsz\u00ednh\u00e1z\/Central Europe Dance Theatre \u2013 CEDT (Magyarorsz\u00e1g), <a href=\"https:\/\/www.facebook.com\/bunkerljubljana?__cft__[0]=AZXRo1uvFw0jFSJgHSdKYS09NkhLBIiB13hJuVCBl9QdJc6Sf2JHGkpUbbzneesjVw9maqaZBFhNgE496hiYkJd8uV8z9T0NarMHv3JMtmBxbPV1cljHC7AhMnBTnIBvuOwS6n-2WSs0C13PQzANinf07cSov29l1Oc86AvBuG5mDwEYtn8whEc-BukwG4KTU_RQc4ohEb5GxMUFyRa9QYb4&amp;__tn__=-]K-R\" target=\"_blank\" rel=\"noreferrer noopener\">Bunkers<\/a> (Szlov\u00e9nia), <a href=\"https:\/\/www.facebook.com\/hrvatski.institut.za.pokret.i.ples?__cft__[0]=AZXRo1uvFw0jFSJgHSdKYS09NkhLBIiB13hJuVCBl9QdJc6Sf2JHGkpUbbzneesjVw9maqaZBFhNgE496hiYkJd8uV8z9T0NarMHv3JMtmBxbPV1cljHC7AhMnBTnIBvuOwS6n-2WSs0C13PQzANinf07cSov29l1Oc86AvBuG5mDwEYtn8whEc-BukwG4KTU_RQc4ohEb5GxMUFyRa9QYb4&amp;__tn__=-]K-R\" target=\"_blank\" rel=\"noreferrer noopener\">Hrvatski institut za pokret i ples - HIPP<\/a> (Horv\u00e1torsz\u00e1g), <a href=\"https:\/\/www.facebook.com\/KrakowskiTeatrTanca?__cft__[0]=AZXRo1uvFw0jFSJgHSdKYS09NkhLBIiB13hJuVCBl9QdJc6Sf2JHGkpUbbzneesjVw9maqaZBFhNgE496hiYkJd8uV8z9T0NarMHv3JMtmBxbPV1cljHC7AhMnBTnIBvuOwS6n-2WSs0C13PQzANinf07cSov29l1Oc86AvBuG5mDwEYtn8whEc-BukwG4KTU_RQc4ohEb5GxMUFyRa9QYb4&amp;__tn__=-]K-R\" target=\"_blank\" rel=\"noreferrer noopener\">Krakow Ta\u0144ca Theatre<\/a> \/ Krakow Dance Theatre (Lengyelorsz\u00e1g), <a href=\"https:\/\/www.facebook.com\/MovementTheater.mstudio?__cft__[0]=AZXRo1uvFw0jFSJgHSdKYS09NkhLBIiB13hJuVCBl9QdJc6Sf2JHGkpUbbzneesjVw9maqaZBFhNgE496hiYkJd8uV8z9T0NarMHv3JMtmBxbPV1cljHC7AhMnBTnIBvuOwS6n-2WSs0C13PQzANinf07cSov29l1Oc86AvBuG5mDwEYtn8whEc-BukwG4KTU_RQc4ohEb5GxMUFyRa9QYb4&amp;__tn__=-]K-R\" target=\"_blank\" rel=\"noreferrer noopener\">M STUDIO<\/a> (Rom\u00e1nia) \u00e9s <a href=\"https:\/\/www.facebook.com\/VitlyckeCentreForPerformingArts?__cft__[0]=AZXRo1uvFw0jFSJgHSdKYS09NkhLBIiB13hJuVCBl9QdJc6Sf2JHGkpUbbzneesjVw9maqaZBFhNgE496hiYkJd8uV8z9T0NarMHv3JMtmBxbPV1cljHC7AhMnBTnIBvuOwS6n-2WSs0C13PQzANinf07cSov29l1Oc86AvBuG5mDwEYtn8whEc-BukwG4KTU_RQc4ohEb5GxMUFyRa9QYb4&amp;__tn__=-]K-R\" target=\"_blank\" rel=\"noreferrer noopener\">Vitlycke - Centre for Performing Arts<\/a> Sv\u00e9dorsz\u00e1g) h\u00edvortt \u00e9letre a kort\u00e1rs t\u00e1ncm\u0171v\u00e9szet helyi fejl\u0151d\u00e9s\u00e9nek el\u0151seg\u00edt\u00e9s\u00e9re.&nbsp;<\/p>\n\n\n\n<p>Az egy\u00fcttm\u0171k\u00f6d\u00e9s, az el\u0151z\u0151 \u00e9vadban is sz\u00e1mos programot vitt v\u00e9ghez:&nbsp;<\/p>\n\n\n\n<p>Behind the curtain elnevez\u00e9s\u0171 program \u00e1ltal a&nbsp;Krakk\u00f3i T\u00e1ncsz\u00ednh\u00e1z&nbsp;vezet\u0151je&nbsp;vett r\u00e9szt jobshadowing programban a IX. Nemzetk\u00f6zi Monot\u00e1nc Fesztiv\u00e1lon.&nbsp;<\/p>\n\n\n\n<p>Ezt k\u00f6vet\u0151en Choreographers&#8217; network esem\u00e9nyen vett r\u00e9szt a magyar k\u00fcld\u00f6tts\u00e9g megtekinteni a Krakk\u00f3 T\u00e1ncsz\u00ednh\u00e1z kre\u00e1ci\u00f3j\u00e1t, mely el\u0151ad\u00e1s megh\u00edv\u00e1st kapott a novemberben megrendez\u00e9sre ker\u00fcl\u0151 S\u0150T7-re. &nbsp;M\u00e1jusban Z\u00e1gr\u00e1bban a MTE, illetve egy horv\u00e1t \u00e9s lengyel partner t\u00e1ncm\u0171v\u00e9szeti oktat\u00e1si int\u00e9zm\u00e9nyek tal\u00e1lkoz\u00f3j\u00e1n vett r\u00e9szt.&nbsp;<\/p>\n\n\n\n<p>Folyamatosan zajlottak a Dance Communication Lab programjai is, melyekre szint\u00e9n kijuttatnunk egy-egy magyar t\u00e1ncm\u0171v\u00e9szt.&nbsp;Szint\u00e9n a Beyond Front@-nak k\u00f6sz\u00f6nhet\u0151en Ageless Generation \/ Kortalan Nemzed\u00e9k c\u00edm\u0171 el\u0151ad\u00e1sunk megh\u00edv\u00e1st kapott Sepsiszentgy\u00f6rgyre a Flow Fesztiv\u00e1lra.&nbsp;&nbsp;<\/p>\n\n\n\n<p>Jelenleg is zajlik a Common creation projekt, melynek keretein bel\u00fcl Francesco Scavetta koreogr\u00e1fus j\u00e1rja a partnerorsz\u00e1gokat, ahol casting ut\u00e1n kiv\u00e1laszt egy-egy t\u00e1ncost, majd a v\u00e1lasztott t\u00e1ncosokkal Sv\u00e9dorsz\u00e1gban elk\u00e9sz\u00edti a meg\u00e1lmodott koreogr\u00e1fi\u00e1t. V\u00e9g\u00fcl de nem utols\u00f3sorban, a napokban zajlott le a krakk\u00f3i Summer Dance Academy, amin szint\u00e9n a programnak k\u00f6sz\u00f6nhet\u0151en egy magyar t\u00e1ncos is r\u00e9szt vehetett.&nbsp;<\/p>\n\n\n\n<p>Az \u00e9vr\u0151l \u00e9vre friss\u00fcl\u0151 \u0151szi fesztiv\u00e1lunk, a Sissi \u0150szi T\u00e1nch\u00e9t kieg\u00e9sz\u00fcl id\u00e9n t\u00f6bb k\u00eds\u00e9r\u0151programmal is. A fesztiv\u00e1lt a <strong>BPDH24 <\/strong>nyitja meg, ezt k\u00f6vet\u0151en pedig kezd\u0151dnek a <a href=\"https:\/\/www.bethlenszinhaz.hu\/sot7\/\" target=\"_blank\" rel=\"noreferrer noopener\"><strong>13. Sissi \u0150szi T\u00e1nch\u00e9t<\/strong><\/a> programjai, amelyek id\u00e9n is k\u00fcl\u00f6nleges \u00e9lm\u00e9nyeket tartogatnak november 16-23. K\u00f6z\u00f6tt. Ezzel p\u00e1rhuzamosan <strong>IKF program<\/strong>unk (<strong>Ifj\u00fa Koreogr\u00e1fusok F\u00f3ruma) <\/strong>kre\u00e1ci\u00f3ja is kezdet\u00e9t veszi, amely<strong> <\/strong>id\u00e9n \u00fajra a Magyar T\u00e1ncm\u0171v\u00e9szeti Egyetem k\u00f6zrem\u0171k\u00f6d\u00e9s\u00e9vel j\u00f6n l\u00e9tre. A program ki\u00edr\u00e1s\u00e1ra \u0151sszel ker\u00fcl sor. A m\u00e1r eml\u00edtett nemzetk\u00f6zi projekt\u00fcnk is itt ker\u00fcl megrendez\u00e9sre, a <a href=\"https:\/\/www.facebook.com\/beyondfronta.eu\/posts\/pfbid0fk5k49diNnAnJbz4zkFh4Xq2JQKz5knKDcV75wZVmCuRbapf1aDwAQWSHXeMoT5ul\" target=\"_blank\" rel=\"noreferrer noopener\"><strong>Dance Communication Lab<\/strong><\/a><strong> <\/strong>bemutat\u00f3j\u00e1val.&nbsp;<\/p>\n\n\n\n<p>Teh\u00e1t a novemberi id\u0151szakot mindenk\u00e9pp \u00e9rdemes el\u0151re feljegyezni a napt\u00e1rba, mert rengeteg szakmai programunk \u00e9rkezik!&nbsp;<\/p>\n\n\n\n<p>Folytat\u00f3dik sok \u00e9ves trad\u00edci\u00f3nk, a <strong>K-Arcok<\/strong> c\u00edm\u0171 el\u0151ad\u00e1ssorozatunk, melynek k\u00f6vetkez\u0151 alkot\u00f3j\u00e1t is hamarosan felfedj\u00fck. A bemutat\u00f3t <strong>december 20<\/strong>-\u00e1n l\u00e1thatja a k\u00f6z\u00f6ns\u00e9g, szint\u00e9n a Bethlen T\u00e9ri Sz\u00ednh\u00e1z sz\u00ednpad\u00e1n.&nbsp;<\/p>\n\n\n\n<p>V\u00e9g\u00fcl pedig az idei \u00e9vad legnagyszab\u00e1s\u00fabb bemutat\u00f3j\u00e1ra a <strong>National Dance Theatre<\/strong>ban ker\u00fcl sor, az \u00e9vad m\u00e1sodik fel\u00e9ben, <strong>\u00e1prilis 24<\/strong>-\u00e9n.&nbsp;A koprodukci\u00f3 a Beyond Front@: Bridging Periphery Kreat\u00edv Eur\u00f3pa projekt keret\u00e9n bel\u00fcl j\u00f6n l\u00e9tre Maciej Kuzminski lengyel koreogr\u00e1fussal. Az els\u0151 Polish Dance Network alkot\u00f3ja \u00e9s rendez\u0151je (2018-2022). \u00d6n\u00e1ll\u00f3 m\u0171vei a Maciej Ku\u017ami\u0144ski Company reperto\u00e1rj\u00e1t k\u00e9pezik. 2014 \u00f3ta Ku\u017ami\u0144ski munk\u00e1it t\u00f6bb mint 300 alkalommal mutatt\u00e1k be 22 orsz\u00e1gban. A m\u0171v\u00e9sz t\u00f6bb mint h\u00fasz nemzetk\u00f6zi d\u00edjat \u00e9s kit\u00fcntet\u00e9st nyert el a Maciej Ku\u017ami\u0144ski Company sz\u00e1m\u00e1ra k\u00e9sz\u00edtett el\u0151ad\u00e1saival. Vend\u00e9gkoreogr\u00e1fusk\u00e9nt olyan t\u00e1rsulatokat hozott l\u00e9tre, mint a Staatstheater Kassel (N\u00e9metorsz\u00e1g), a Scapino Ballet Rotterdam (Hollandia) \u00e9s a Lengyel T\u00e1ncsz\u00ednh\u00e1z.&nbsp;<\/p>","protected":false},"excerpt":{"rendered":"<p>Meghirdette 2024\/2025-\u00f6s \u00e9vad\u00e1t a K\u00f6z\u00e9p-Eur\u00f3pa T\u00e1ncsz\u00ednh\u00e1z \u2013 4 \u00faj bemutat\u00f3val k\u00e9sz\u00fcl a t\u00e1rsulat, t\u00f6bbek k\u00f6z\u00f6tt a Nemzeti T\u00e1ncsz\u00ednh\u00e1zban \u00e9s a Bethlen T\u00e9ri Sz\u00ednh\u00e1zban v\u00e1rjuk majd a n\u00e9z\u0151ket.&nbsp;&nbsp; Igaz\u00e1n nemzetk\u00f6zi hangulatban fog telni a KET k\u00f6vetkez\u0151 \u00e9vada, kezdve M\u00e1di L\u00e1szl\u00f3 m\u0171v\u00e9szeti vezet\u0151 bemutat\u00f3j\u00e1val, amely a 2024, a t\u00f6r\u00f6k-magyar kult\u00fara \u00e9ve keretein bel\u00fcl j\u00f6n l\u00e9tre. Az Aranyalma [&hellip;]<\/p>","protected":false},"author":12,"featured_media":0,"comment_status":"closed","ping_status":"open","sticky":false,"template":"","format":"standard","meta":{"footnotes":""},"categories":[68],"tags":[],"class_list":["post-13059","post","type-post","status-publish","format-standard","hentry","category-hirek"],"yoast_head":"<!-- This site is optimized with the Yoast SEO plugin v26.0 - https:\/\/yoast.com\/wordpress\/plugins\/seo\/ -->\n<title>T\u00e1nc \u00e9vad a nemzetk\u00f6zis\u00e9g jegy\u00e9ben!\u00a0 - KET<\/title>\n<meta name=\"robots\" content=\"index, follow, max-snippet:-1, max-image-preview:large, max-video-preview:-1\" \/>\n<link rel=\"canonical\" href=\"https:\/\/cedthu.rwpstaging.site\/en\/tanc-evad-a-nemzetkoziseg-jegyeben\/\" \/>\n<meta name=\"twitter:card\" content=\"summary_large_image\" \/>\n<meta name=\"twitter:title\" content=\"T\u00e1nc \u00e9vad a nemzetk\u00f6zis\u00e9g jegy\u00e9ben!\u00a0 - KET\" \/>\n<meta name=\"twitter:description\" content=\"Meghirdette 2024\/2025-\u00f6s \u00e9vad\u00e1t a K\u00f6z\u00e9p-Eur\u00f3pa T\u00e1ncsz\u00ednh\u00e1z \u2013 4 \u00faj bemutat\u00f3val k\u00e9sz\u00fcl a t\u00e1rsulat, t\u00f6bbek k\u00f6z\u00f6tt a Nemzeti T\u00e1ncsz\u00ednh\u00e1zban \u00e9s a Bethlen T\u00e9ri Sz\u00ednh\u00e1zban v\u00e1rjuk majd a n\u00e9z\u0151ket.&nbsp;&nbsp; Igaz\u00e1n nemzetk\u00f6zi hangulatban fog telni a KET k\u00f6vetkez\u0151 \u00e9vada, kezdve M\u00e1di L\u00e1szl\u00f3 m\u0171v\u00e9szeti vezet\u0151 bemutat\u00f3j\u00e1val, amely a 2024, a t\u00f6r\u00f6k-magyar kult\u00fara \u00e9ve keretein bel\u00fcl j\u00f6n l\u00e9tre. Az Aranyalma [&hellip;]\" \/>\n<meta name=\"twitter:label1\" content=\"Written by\" \/>\n\t<meta name=\"twitter:data1\" content=\"Central Europe Dance Theatre\" \/>\n\t<meta name=\"twitter:label2\" content=\"Est. reading time\" \/>\n\t<meta name=\"twitter:data2\" content=\"5 minutes\" \/>\n<script type=\"application\/ld+json\" class=\"yoast-schema-graph\">{\"@context\":\"https:\/\/schema.org\",\"@graph\":[{\"@type\":\"Article\",\"@id\":\"https:\/\/cedthu.rwpstaging.site\/tanc-evad-a-nemzetkoziseg-jegyeben\/#article\",\"isPartOf\":{\"@id\":\"https:\/\/cedthu.rwpstaging.site\/tanc-evad-a-nemzetkoziseg-jegyeben\/\"},\"author\":{\"name\":\"Central Europe Dance Theatre\",\"@id\":\"https:\/\/cedthu.rwpstaging.site\/#\/schema\/person\/3bc30ccadc068c913c4a5c62d8b04142\"},\"headline\":\"T\u00e1nc \u00e9vad a nemzetk\u00f6zis\u00e9g jegy\u00e9ben!\u00a0\",\"datePublished\":\"2024-09-04T14:54:23+00:00\",\"dateModified\":\"2024-09-18T06:25:05+00:00\",\"mainEntityOfPage\":{\"@id\":\"https:\/\/cedthu.rwpstaging.site\/tanc-evad-a-nemzetkoziseg-jegyeben\/\"},\"wordCount\":1081,\"publisher\":{\"@id\":\"https:\/\/cedthu.rwpstaging.site\/#organization\"},\"articleSection\":[\"H\u00edrek\"],\"inLanguage\":\"en-US\"},{\"@type\":\"WebPage\",\"@id\":\"https:\/\/cedthu.rwpstaging.site\/tanc-evad-a-nemzetkoziseg-jegyeben\/\",\"url\":\"https:\/\/cedthu.rwpstaging.site\/tanc-evad-a-nemzetkoziseg-jegyeben\/\",\"name\":\"T\u00e1nc \u00e9vad a nemzetk\u00f6zis\u00e9g jegy\u00e9ben!\u00a0 - KET\",\"isPartOf\":{\"@id\":\"https:\/\/cedthu.rwpstaging.site\/#website\"},\"datePublished\":\"2024-09-04T14:54:23+00:00\",\"dateModified\":\"2024-09-18T06:25:05+00:00\",\"breadcrumb\":{\"@id\":\"https:\/\/cedthu.rwpstaging.site\/tanc-evad-a-nemzetkoziseg-jegyeben\/#breadcrumb\"},\"inLanguage\":\"en-US\",\"potentialAction\":[{\"@type\":\"ReadAction\",\"target\":[\"https:\/\/cedthu.rwpstaging.site\/tanc-evad-a-nemzetkoziseg-jegyeben\/\"]}]},{\"@type\":\"BreadcrumbList\",\"@id\":\"https:\/\/cedthu.rwpstaging.site\/tanc-evad-a-nemzetkoziseg-jegyeben\/#breadcrumb\",\"itemListElement\":[{\"@type\":\"ListItem\",\"position\":1,\"name\":\"Home\",\"item\":\"https:\/\/cedthu.rwpstaging.site\/\"},{\"@type\":\"ListItem\",\"position\":2,\"name\":\"T\u00e1nc \u00e9vad a nemzetk\u00f6zis\u00e9g jegy\u00e9ben!\u00a0\"}]},{\"@type\":\"WebSite\",\"@id\":\"https:\/\/cedthu.rwpstaging.site\/#website\",\"url\":\"https:\/\/cedthu.rwpstaging.site\/\",\"name\":\"KET\",\"description\":\"K\u00f6z\u00e9p-Eur\u00f3pa T\u00e1ncsz\u00ednh\u00e1z\",\"publisher\":{\"@id\":\"https:\/\/cedthu.rwpstaging.site\/#organization\"},\"potentialAction\":[{\"@type\":\"SearchAction\",\"target\":{\"@type\":\"EntryPoint\",\"urlTemplate\":\"https:\/\/cedthu.rwpstaging.site\/?s={search_term_string}\"},\"query-input\":{\"@type\":\"PropertyValueSpecification\",\"valueRequired\":true,\"valueName\":\"search_term_string\"}}],\"inLanguage\":\"en-US\"},{\"@type\":\"Organization\",\"@id\":\"https:\/\/cedthu.rwpstaging.site\/#organization\",\"name\":\"KET\",\"url\":\"https:\/\/cedthu.rwpstaging.site\/\",\"logo\":{\"@type\":\"ImageObject\",\"inLanguage\":\"en-US\",\"@id\":\"https:\/\/cedthu.rwpstaging.site\/#\/schema\/logo\/image\/\",\"url\":\"https:\/\/cedthu.rwpstaging.site\/wp-content\/uploads\/2024\/03\/cropped-KET-NYomda-logo2.png\",\"contentUrl\":\"https:\/\/cedthu.rwpstaging.site\/wp-content\/uploads\/2024\/03\/cropped-KET-NYomda-logo2.png\",\"width\":300,\"height\":326,\"caption\":\"KET\"},\"image\":{\"@id\":\"https:\/\/cedthu.rwpstaging.site\/#\/schema\/logo\/image\/\"}},{\"@type\":\"Person\",\"@id\":\"https:\/\/cedthu.rwpstaging.site\/#\/schema\/person\/3bc30ccadc068c913c4a5c62d8b04142\",\"name\":\"Central Europe Dance Theatre\",\"image\":{\"@type\":\"ImageObject\",\"inLanguage\":\"en-US\",\"@id\":\"https:\/\/cedthu.rwpstaging.site\/#\/schema\/person\/image\/\",\"url\":\"https:\/\/secure.gravatar.com\/avatar\/ec2936af9cd901f158746cca5a1de54f315cafdd14d69c3b2aa6415edb4ed3a2?s=96&d=mm&r=g\",\"contentUrl\":\"https:\/\/secure.gravatar.com\/avatar\/ec2936af9cd901f158746cca5a1de54f315cafdd14d69c3b2aa6415edb4ed3a2?s=96&d=mm&r=g\",\"caption\":\"Central Europe Dance Theatre\"},\"url\":\"https:\/\/cedthu.rwpstaging.site\/en\/author\/infocedt\/\"}]}<\/script>\n<!-- \/ Yoast SEO plugin. -->","yoast_head_json":{"title":"T\u00e1nc \u00e9vad a nemzetk\u00f6zis\u00e9g jegy\u00e9ben!\u00a0 - KET","robots":{"index":"index","follow":"follow","max-snippet":"max-snippet:-1","max-image-preview":"max-image-preview:large","max-video-preview":"max-video-preview:-1"},"canonical":"https:\/\/cedthu.rwpstaging.site\/en\/tanc-evad-a-nemzetkoziseg-jegyeben\/","twitter_card":"summary_large_image","twitter_title":"T\u00e1nc \u00e9vad a nemzetk\u00f6zis\u00e9g jegy\u00e9ben!\u00a0 - KET","twitter_description":"Meghirdette 2024\/2025-\u00f6s \u00e9vad\u00e1t a K\u00f6z\u00e9p-Eur\u00f3pa T\u00e1ncsz\u00ednh\u00e1z \u2013 4 \u00faj bemutat\u00f3val k\u00e9sz\u00fcl a t\u00e1rsulat, t\u00f6bbek k\u00f6z\u00f6tt a Nemzeti T\u00e1ncsz\u00ednh\u00e1zban \u00e9s a Bethlen T\u00e9ri Sz\u00ednh\u00e1zban v\u00e1rjuk majd a n\u00e9z\u0151ket.&nbsp;&nbsp; Igaz\u00e1n nemzetk\u00f6zi hangulatban fog telni a KET k\u00f6vetkez\u0151 \u00e9vada, kezdve M\u00e1di L\u00e1szl\u00f3 m\u0171v\u00e9szeti vezet\u0151 bemutat\u00f3j\u00e1val, amely a 2024, a t\u00f6r\u00f6k-magyar kult\u00fara \u00e9ve keretein bel\u00fcl j\u00f6n l\u00e9tre. Az Aranyalma [&hellip;]","twitter_misc":{"Written by":"Central Europe Dance Theatre","Est. reading time":"5 minutes"},"schema":{"@context":"https:\/\/schema.org","@graph":[{"@type":"Article","@id":"https:\/\/cedthu.rwpstaging.site\/tanc-evad-a-nemzetkoziseg-jegyeben\/#article","isPartOf":{"@id":"https:\/\/cedthu.rwpstaging.site\/tanc-evad-a-nemzetkoziseg-jegyeben\/"},"author":{"name":"Central Europe Dance Theatre","@id":"https:\/\/cedthu.rwpstaging.site\/#\/schema\/person\/3bc30ccadc068c913c4a5c62d8b04142"},"headline":"T\u00e1nc \u00e9vad a nemzetk\u00f6zis\u00e9g jegy\u00e9ben!\u00a0","datePublished":"2024-09-04T14:54:23+00:00","dateModified":"2024-09-18T06:25:05+00:00","mainEntityOfPage":{"@id":"https:\/\/cedthu.rwpstaging.site\/tanc-evad-a-nemzetkoziseg-jegyeben\/"},"wordCount":1081,"publisher":{"@id":"https:\/\/cedthu.rwpstaging.site\/#organization"},"articleSection":["H\u00edrek"],"inLanguage":"en-US"},{"@type":"WebPage","@id":"https:\/\/cedthu.rwpstaging.site\/tanc-evad-a-nemzetkoziseg-jegyeben\/","url":"https:\/\/cedthu.rwpstaging.site\/tanc-evad-a-nemzetkoziseg-jegyeben\/","name":"T\u00e1nc \u00e9vad a nemzetk\u00f6zis\u00e9g jegy\u00e9ben!\u00a0 - KET","isPartOf":{"@id":"https:\/\/cedthu.rwpstaging.site\/#website"},"datePublished":"2024-09-04T14:54:23+00:00","dateModified":"2024-09-18T06:25:05+00:00","breadcrumb":{"@id":"https:\/\/cedthu.rwpstaging.site\/tanc-evad-a-nemzetkoziseg-jegyeben\/#breadcrumb"},"inLanguage":"en-US","potentialAction":[{"@type":"ReadAction","target":["https:\/\/cedthu.rwpstaging.site\/tanc-evad-a-nemzetkoziseg-jegyeben\/"]}]},{"@type":"BreadcrumbList","@id":"https:\/\/cedthu.rwpstaging.site\/tanc-evad-a-nemzetkoziseg-jegyeben\/#breadcrumb","itemListElement":[{"@type":"ListItem","position":1,"name":"Home","item":"https:\/\/cedthu.rwpstaging.site\/"},{"@type":"ListItem","position":2,"name":"T\u00e1nc \u00e9vad a nemzetk\u00f6zis\u00e9g jegy\u00e9ben!\u00a0"}]},{"@type":"WebSite","@id":"https:\/\/cedthu.rwpstaging.site\/#website","url":"https:\/\/cedthu.rwpstaging.site\/","name":"KET","description":"Central Europe Dance Theatre","publisher":{"@id":"https:\/\/cedthu.rwpstaging.site\/#organization"},"potentialAction":[{"@type":"SearchAction","target":{"@type":"EntryPoint","urlTemplate":"https:\/\/cedthu.rwpstaging.site\/?s={search_term_string}"},"query-input":{"@type":"PropertyValueSpecification","valueRequired":true,"valueName":"search_term_string"}}],"inLanguage":"en-US"},{"@type":"Organization","@id":"https:\/\/cedthu.rwpstaging.site\/#organization","name":"KET","url":"https:\/\/cedthu.rwpstaging.site\/","logo":{"@type":"ImageObject","inLanguage":"en-US","@id":"https:\/\/cedthu.rwpstaging.site\/#\/schema\/logo\/image\/","url":"https:\/\/cedthu.rwpstaging.site\/wp-content\/uploads\/2024\/03\/cropped-KET-NYomda-logo2.png","contentUrl":"https:\/\/cedthu.rwpstaging.site\/wp-content\/uploads\/2024\/03\/cropped-KET-NYomda-logo2.png","width":300,"height":326,"caption":"KET"},"image":{"@id":"https:\/\/cedthu.rwpstaging.site\/#\/schema\/logo\/image\/"}},{"@type":"Person","@id":"https:\/\/cedthu.rwpstaging.site\/#\/schema\/person\/3bc30ccadc068c913c4a5c62d8b04142","name":"Central Europe Dance Theatre","image":{"@type":"ImageObject","inLanguage":"en-US","@id":"https:\/\/cedthu.rwpstaging.site\/#\/schema\/person\/image\/","url":"https:\/\/secure.gravatar.com\/avatar\/ec2936af9cd901f158746cca5a1de54f315cafdd14d69c3b2aa6415edb4ed3a2?s=96&d=mm&r=g","contentUrl":"https:\/\/secure.gravatar.com\/avatar\/ec2936af9cd901f158746cca5a1de54f315cafdd14d69c3b2aa6415edb4ed3a2?s=96&d=mm&r=g","caption":"Central Europe Dance Theatre"},"url":"https:\/\/cedthu.rwpstaging.site\/en\/author\/infocedt\/"}]}},"_links":{"self":[{"href":"https:\/\/cedthu.rwpstaging.site\/en\/wp-json\/wp\/v2\/posts\/13059","targetHints":{"allow":["GET"]}}],"collection":[{"href":"https:\/\/cedthu.rwpstaging.site\/en\/wp-json\/wp\/v2\/posts"}],"about":[{"href":"https:\/\/cedthu.rwpstaging.site\/en\/wp-json\/wp\/v2\/types\/post"}],"author":[{"embeddable":true,"href":"https:\/\/cedthu.rwpstaging.site\/en\/wp-json\/wp\/v2\/users\/12"}],"replies":[{"embeddable":true,"href":"https:\/\/cedthu.rwpstaging.site\/en\/wp-json\/wp\/v2\/comments?post=13059"}],"version-history":[{"count":5,"href":"https:\/\/cedthu.rwpstaging.site\/en\/wp-json\/wp\/v2\/posts\/13059\/revisions"}],"predecessor-version":[{"id":13257,"href":"https:\/\/cedthu.rwpstaging.site\/en\/wp-json\/wp\/v2\/posts\/13059\/revisions\/13257"}],"wp:attachment":[{"href":"https:\/\/cedthu.rwpstaging.site\/en\/wp-json\/wp\/v2\/media?parent=13059"}],"wp:term":[{"taxonomy":"category","embeddable":true,"href":"https:\/\/cedthu.rwpstaging.site\/en\/wp-json\/wp\/v2\/categories?post=13059"},{"taxonomy":"post_tag","embeddable":true,"href":"https:\/\/cedthu.rwpstaging.site\/en\/wp-json\/wp\/v2\/tags?post=13059"}],"curies":[{"name":"wp","href":"https:\/\/api.w.org\/{rel}","templated":true}]}}